{"id":1617,"date":"2018-08-05T15:48:20","date_gmt":"2018-08-05T14:48:20","guid":{"rendered":"http:\/\/ptiket.eu\/?p=1617"},"modified":"2018-08-06T00:44:41","modified_gmt":"2018-08-05T23:44:41","slug":"la-ruta-14-encore","status":"publish","type":"post","link":"https:\/\/ptiket.eu\/index.php\/2018\/08\/05\/la-ruta-14-encore\/","title":{"rendered":"La Ruta 14 &#8211; encore"},"content":{"rendered":"<p>Nous poursuivons notre route vers le sud. C\u2019est par hasard que nous nous arr\u00eatons pour la nuit \u00e0 Curuz\u00fa Cuat\u00ed car le camping municipal de Mercedes \u00e9tait squatt\u00e9 par de nombreux f\u00eatards.<a href=\"https:\/\/i1.wp.com\/ptiket.eu\/wp-content\/uploads\/2018\/08\/img_4845.jpg\"><img data-attachment-id=\"1613\" data-permalink=\"https:\/\/ptiket.eu\/index.php\/2018\/08\/05\/la-ruta-14-encore\/img_4845\/\" data-orig-file=\"https:\/\/i1.wp.com\/ptiket.eu\/wp-content\/uploads\/2018\/08\/img_4845.jpg?fit=2448%2C3264&amp;ssl=1\" data-orig-size=\"2448,3264\" data-comments-opened=\"1\" data-image-meta=\"{&quot;aperture&quot;:&quot;0&quot;,&quot;credit&quot;:&quot;&quot;,&quot;camera&quot;:&quot;&quot;,&quot;caption&quot;:&quot;&quot;,&quot;created_timestamp&quot;:&quot;0&quot;,&quot;copyright&quot;:&quot;&quot;,&quot;focal_length&quot;:&quot;0&quot;,&quot;iso&quot;:&quot;0&quot;,&quot;shutter_speed&quot;:&quot;0&quot;,&quot;title&quot;:&quot;&quot;,&quot;orientation&quot;:&quot;0&quot;}\" data-image-title=\"img_4845\" data-image-description=\"\" data-medium-file=\"https:\/\/i1.wp.com\/ptiket.eu\/wp-content\/uploads\/2018\/08\/img_4845.jpg?fit=225%2C300&amp;ssl=1\" data-large-file=\"https:\/\/i1.wp.com\/ptiket.eu\/wp-content\/uploads\/2018\/08\/img_4845.jpg?fit=768%2C1024&amp;ssl=1\" decoding=\"async\" loading=\"lazy\" class=\"alignright size-thumbnail wp-image-1613\" src=\"https:\/\/i0.wp.com\/ptiket.eu\/wp-content\/uploads\/2018\/08\/img_4845-176x176.jpg?resize=176%2C176\" alt=\"\" width=\"176\" height=\"176\" srcset=\"https:\/\/i1.wp.com\/ptiket.eu\/wp-content\/uploads\/2018\/08\/img_4845.jpg?resize=176%2C176&amp;ssl=1 176w, https:\/\/i1.wp.com\/ptiket.eu\/wp-content\/uploads\/2018\/08\/img_4845.jpg?zoom=2&amp;resize=176%2C176&amp;ssl=1 352w, https:\/\/i1.wp.com\/ptiket.eu\/wp-content\/uploads\/2018\/08\/img_4845.jpg?zoom=3&amp;resize=176%2C176&amp;ssl=1 528w\" sizes=\"(max-width: 176px) 100vw, 176px\" data-recalc-dims=\"1\" \/><\/a><\/p>\n<p>Dans ce grand parc o\u00f9 des chevaux broutent l\u2019herbe, un combi VW jaune est d\u00e9j\u00e0 install\u00e9 avec \u00e0 son bord un couple franco-argentin et leur petite fille. Ils sillonnent l\u2019Am\u00e9rique du Sud depuis un moment et nous refilent plein de conseils. Plut\u00f4t que d\u2019aller se perdre vers Parana, Santa Fe ou Rosario qui craint un peu, nous d\u00e9cidons de tracer vers Buenos Aires en plusieurs \u00e9tapes. L\u2019une d\u2019elle sera Col\u00f3n un chouette petite ville avec des panader\u00edas merveilleuses o\u00f9 on se gave d\u2019empanadas, de medialunas et de pain con semillas qui change du pain caoutchouc que l\u2019on trouve partout. <a href=\"https:\/\/i0.wp.com\/ptiket.eu\/wp-content\/uploads\/2018\/08\/img_4856.jpg\"><img data-attachment-id=\"1615\" data-permalink=\"https:\/\/ptiket.eu\/index.php\/2018\/08\/05\/la-ruta-14-encore\/img_4856\/\" data-orig-file=\"https:\/\/i0.wp.com\/ptiket.eu\/wp-content\/uploads\/2018\/08\/img_4856.jpg?fit=2448%2C3264&amp;ssl=1\" data-orig-size=\"2448,3264\" data-comments-opened=\"1\" data-image-meta=\"{&quot;aperture&quot;:&quot;0&quot;,&quot;credit&quot;:&quot;&quot;,&quot;camera&quot;:&quot;&quot;,&quot;caption&quot;:&quot;&quot;,&quot;created_timestamp&quot;:&quot;0&quot;,&quot;copyright&quot;:&quot;&quot;,&quot;focal_length&quot;:&quot;0&quot;,&quot;iso&quot;:&quot;0&quot;,&quot;shutter_speed&quot;:&quot;0&quot;,&quot;title&quot;:&quot;&quot;,&quot;orientation&quot;:&quot;0&quot;}\" data-image-title=\"img_4856\" data-image-description=\"\" data-medium-file=\"https:\/\/i0.wp.com\/ptiket.eu\/wp-content\/uploads\/2018\/08\/img_4856.jpg?fit=225%2C300&amp;ssl=1\" data-large-file=\"https:\/\/i0.wp.com\/ptiket.eu\/wp-content\/uploads\/2018\/08\/img_4856.jpg?fit=768%2C1024&amp;ssl=1\" decoding=\"async\" loading=\"lazy\" class=\"alignright size-thumbnail wp-image-1615\" src=\"https:\/\/i1.wp.com\/ptiket.eu\/wp-content\/uploads\/2018\/08\/img_4856-176x176.jpg?resize=176%2C176\" alt=\"\" width=\"176\" height=\"176\" srcset=\"https:\/\/i0.wp.com\/ptiket.eu\/wp-content\/uploads\/2018\/08\/img_4856.jpg?resize=176%2C176&amp;ssl=1 176w, https:\/\/i0.wp.com\/ptiket.eu\/wp-content\/uploads\/2018\/08\/img_4856.jpg?zoom=2&amp;resize=176%2C176&amp;ssl=1 352w, https:\/\/i0.wp.com\/ptiket.eu\/wp-content\/uploads\/2018\/08\/img_4856.jpg?zoom=3&amp;resize=176%2C176&amp;ssl=1 528w\" sizes=\"(max-width: 176px) 100vw, 176px\" data-recalc-dims=\"1\" \/><\/a><\/p>\n<p>C\u2019est ici aussi que nous porterons notre linge \u00e0 la lavanderia et que nous ferons la premi\u00e8re vidange au bord du Rio Uruguay. A ce jour, nous avons fait 4800km depuis notre d\u00e9part de la maison et 3400km sur le continent am\u00e9ricain.<\/p>\n<p>&nbsp;<\/p>\n<p>Sur la Ruta 14, on trouve beaucoup de vendeurs d\u2019oranges et de mandarines. C\u2019est la pleine saison et ils les vendent par filets de minimum 5kg. Pas de soucis, elle sont d\u00e9licieuses et ne co\u00fbtent pas grand chose. Il y a aussi le vent, bien de face. Mais il y a surtout les nombreux contr\u00f4les de police qui sont r\u00e9put\u00e9s pour leur sens de la corruption. Si on a de la chance, ils sont sur leur t\u00e9l\u00e9phone en train de surfer ou ils nous laissent passer en rigolant. Sinon, ils nous arr\u00eatent, nous demandent nos papiers, veulent voir l\u2019int\u00e9rieur de la deuche, soul\u00e8vent les coffres, ouvrent la remorque et finissent pas nous demander combien on a d\u2019argent et si on a des dollars. La strat\u00e9gie est de mal comprendre ce qu\u2019ils veulent et de ne leur donner que des copies des papiers. Mais cette fois-ci, il veulent le passeport original pour voir le tampon d\u2019entr\u00e9e dans le pays. Quand il me parle de dollars, je lui dit fermement qu\u2019on en a pas. Quand on voit qu\u2019ils ne savent plus trop quoi contr\u00f4ler et que tout est en ordre, Quentin reprend les papiers des mains du policier, on referme tout sans attendre qu\u2019ils nous disent que c\u2019est ok et on repart en les laissant en plan et en leur faisant un grand sourire, Ciao !<\/p>\n","protected":false},"excerpt":{"rendered":"<p>Nous poursuivons notre route vers le sud. C\u2019est par hasard que nous nous arr\u00eatons pour la nuit \u00e0 Curuz\u00fa Cuat\u00ed car le camping municipal de Mercedes \u00e9tait squatt\u00e9 par de nombreux f\u00eatards. Dans ce grand parc o\u00f9 des chevaux broutent l\u2019herbe, un combi VW jaune est d\u00e9j\u00e0 install\u00e9 avec \u00e0 son bord un couple franco-argentin [&hellip;]<\/p>\n","protected":false},"author":1,"featured_media":0,"comment_status":"open","ping_status":"closed","sticky":false,"template":"","format":"standard","meta":{"spay_email":"","jetpack_publicize_message":""},"categories":[45,25,81,23],"tags":[],"jetpack_featured_media_url":"","jetpack_publicize_connections":[],"jetpack_sharing_enabled":true,"jetpack_shortlink":"https:\/\/wp.me\/p7RS3Q-q5","jetpack-related-posts":[],"_links":{"self":[{"href":"https:\/\/ptiket.eu\/index.php\/wp-json\/wp\/v2\/posts\/1617"}],"collection":[{"href":"https:\/\/ptiket.eu\/index.php\/wp-json\/wp\/v2\/posts"}],"about":[{"href":"https:\/\/ptiket.eu\/index.php\/wp-json\/wp\/v2\/types\/post"}],"author":[{"embeddable":true,"href":"https:\/\/ptiket.eu\/index.php\/wp-json\/wp\/v2\/users\/1"}],"replies":[{"embeddable":true,"href":"https:\/\/ptiket.eu\/index.php\/wp-json\/wp\/v2\/comments?post=1617"}],"version-history":[{"count":3,"href":"https:\/\/ptiket.eu\/index.php\/wp-json\/wp\/v2\/posts\/1617\/revisions"}],"predecessor-version":[{"id":1636,"href":"https:\/\/ptiket.eu\/index.php\/wp-json\/wp\/v2\/posts\/1617\/revisions\/1636"}],"wp:attachment":[{"href":"https:\/\/ptiket.eu\/index.php\/wp-json\/wp\/v2\/media?parent=1617"}],"wp:term":[{"taxonomy":"category","embeddable":true,"href":"https:\/\/ptiket.eu\/index.php\/wp-json\/wp\/v2\/categories?post=1617"},{"taxonomy":"post_tag","embeddable":true,"href":"https:\/\/ptiket.eu\/index.php\/wp-json\/wp\/v2\/tags?post=1617"}],"curies":[{"name":"wp","href":"https:\/\/api.w.org\/{rel}","templated":true}]}}