{"id":1455,"date":"2018-07-14T19:18:37","date_gmt":"2018-07-14T18:18:37","guid":{"rendered":"http:\/\/ptiket.eu\/?p=1455"},"modified":"2021-03-26T09:25:10","modified_gmt":"2021-03-26T08:25:10","slug":"montevideo-enfin","status":"publish","type":"post","link":"https:\/\/ptiket.eu\/index.php\/2018\/07\/14\/montevideo-enfin\/","title":{"rendered":"Montevideo, enfin&#8230;"},"content":{"rendered":"<p>Vendredi 13 juillet 2018 16h, 36 jours de mer, 10 escales plus tard, nous voil\u00e0 \u00e0 Montevideo, Uruguay. N<a href=\"https:\/\/i0.wp.com\/ptiket.eu\/wp-content\/uploads\/2018\/07\/img_4405.jpg\"><img data-attachment-id=\"1456\" data-permalink=\"https:\/\/ptiket.eu\/index.php\/2018\/07\/14\/montevideo-enfin\/img_4405\/\" data-orig-file=\"https:\/\/i0.wp.com\/ptiket.eu\/wp-content\/uploads\/2018\/07\/img_4405.jpg?fit=2048%2C1536&amp;ssl=1\" data-orig-size=\"2048,1536\" data-comments-opened=\"1\" data-image-meta=\"{&quot;aperture&quot;:&quot;0&quot;,&quot;credit&quot;:&quot;&quot;,&quot;camera&quot;:&quot;&quot;,&quot;caption&quot;:&quot;&quot;,&quot;created_timestamp&quot;:&quot;0&quot;,&quot;copyright&quot;:&quot;&quot;,&quot;focal_length&quot;:&quot;0&quot;,&quot;iso&quot;:&quot;0&quot;,&quot;shutter_speed&quot;:&quot;0&quot;,&quot;title&quot;:&quot;&quot;,&quot;orientation&quot;:&quot;0&quot;}\" data-image-title=\"img_4405\" data-image-description=\"\" data-medium-file=\"https:\/\/i0.wp.com\/ptiket.eu\/wp-content\/uploads\/2018\/07\/img_4405.jpg?fit=300%2C225&amp;ssl=1\" data-large-file=\"https:\/\/i0.wp.com\/ptiket.eu\/wp-content\/uploads\/2018\/07\/img_4405.jpg?fit=768%2C576&amp;ssl=1\" decoding=\"async\" loading=\"lazy\" class=\"alignright size-thumbnail wp-image-1456\" src=\"https:\/\/i0.wp.com\/ptiket.eu\/wp-content\/uploads\/2018\/07\/img_4405-176x176.jpg?resize=176%2C176\" alt=\"\" width=\"176\" height=\"176\" srcset=\"https:\/\/i0.wp.com\/ptiket.eu\/wp-content\/uploads\/2018\/07\/img_4405.jpg?resize=176%2C176&amp;ssl=1 176w, https:\/\/i0.wp.com\/ptiket.eu\/wp-content\/uploads\/2018\/07\/img_4405.jpg?zoom=2&amp;resize=176%2C176&amp;ssl=1 352w, https:\/\/i0.wp.com\/ptiket.eu\/wp-content\/uploads\/2018\/07\/img_4405.jpg?zoom=3&amp;resize=176%2C176&amp;ssl=1 528w\" sizes=\"(max-width: 176px) 100vw, 176px\" data-recalc-dims=\"1\" \/><\/a>ous avons pu sortir rapidement du cargo mais il a fallu attendre sur le quai que le gros MAN de Carlos puisse se d\u00e9gager des camions qui le bloquaient et qui n\u2019avaient plus de batterie.<\/p>\n<p>La repr\u00e9sentante de la compagnie Grimaldi nous prend en charge, nous am\u00e8ne \u00e0 la douane et tous les papiers sont faits en 15\u00b4. Pour l\u2019anecdote, ils ont \u00e0 peine regard\u00e9 le permis international&#8230;<\/p>\n<p>Carlos connait un endroit o\u00f9 passer la nuit, la Punta Carretas, pr\u00e8s du phare, \u00e0 la pointe est de la ville.<\/p>\n<p>Il fait nuit et c\u2019est \u00e0 la lueur de nos lampes Led que nous assemblons la remorque. <a href=\"https:\/\/i0.wp.com\/ptiket.eu\/wp-content\/uploads\/2018\/07\/img_4410-1.jpg\"><img data-attachment-id=\"1458\" data-permalink=\"https:\/\/ptiket.eu\/index.php\/2018\/07\/14\/montevideo-enfin\/img_4410-1\/\" data-orig-file=\"https:\/\/i0.wp.com\/ptiket.eu\/wp-content\/uploads\/2018\/07\/img_4410-1.jpg?fit=2448%2C3264&amp;ssl=1\" data-orig-size=\"2448,3264\" data-comments-opened=\"1\" data-image-meta=\"{&quot;aperture&quot;:&quot;0&quot;,&quot;credit&quot;:&quot;&quot;,&quot;camera&quot;:&quot;&quot;,&quot;caption&quot;:&quot;&quot;,&quot;created_timestamp&quot;:&quot;0&quot;,&quot;copyright&quot;:&quot;&quot;,&quot;focal_length&quot;:&quot;0&quot;,&quot;iso&quot;:&quot;0&quot;,&quot;shutter_speed&quot;:&quot;0&quot;,&quot;title&quot;:&quot;&quot;,&quot;orientation&quot;:&quot;0&quot;}\" data-image-title=\"img_4410-1\" data-image-description=\"\" data-medium-file=\"https:\/\/i0.wp.com\/ptiket.eu\/wp-content\/uploads\/2018\/07\/img_4410-1.jpg?fit=225%2C300&amp;ssl=1\" data-large-file=\"https:\/\/i0.wp.com\/ptiket.eu\/wp-content\/uploads\/2018\/07\/img_4410-1.jpg?fit=768%2C1024&amp;ssl=1\" decoding=\"async\" loading=\"lazy\" class=\"alignright size-thumbnail wp-image-1458\" src=\"https:\/\/i0.wp.com\/ptiket.eu\/wp-content\/uploads\/2018\/07\/img_4410-1-176x176.jpg?resize=176%2C176\" alt=\"\" width=\"176\" height=\"176\" srcset=\"https:\/\/i0.wp.com\/ptiket.eu\/wp-content\/uploads\/2018\/07\/img_4410-1.jpg?resize=176%2C176&amp;ssl=1 176w, https:\/\/i0.wp.com\/ptiket.eu\/wp-content\/uploads\/2018\/07\/img_4410-1.jpg?zoom=2&amp;resize=176%2C176&amp;ssl=1 352w, https:\/\/i0.wp.com\/ptiket.eu\/wp-content\/uploads\/2018\/07\/img_4410-1.jpg?zoom=3&amp;resize=176%2C176&amp;ssl=1 528w\" sizes=\"(max-width: 176px) 100vw, 176px\" data-recalc-dims=\"1\" \/><\/a>Il fait frais mais pas froid. Carlos, compatissant, finira par sortir un puissant spot pour nous \u00e9clairer un peu mieux.<\/p>\n<p>On dine avec des p\u00e2tes et une boite de thon. On fera mieux demain.<\/p>\n<p>A 10h, tout est presque parfaitement rang\u00e9, on peut faire le lit et dormir. La nuit, les duvets ne sont pas de trop.<\/p>\n<p>Ce matin, plein soleil, le vent est tomb\u00e9 et nous avons fait la grasse matin\u00e9e jusqu\u2019\u00e0 8h30 ! <a href=\"https:\/\/i1.wp.com\/ptiket.eu\/wp-content\/uploads\/2018\/07\/img_4414.jpg\"><img data-attachment-id=\"1459\" data-permalink=\"https:\/\/ptiket.eu\/index.php\/2018\/07\/14\/montevideo-enfin\/img_4414\/\" data-orig-file=\"https:\/\/i1.wp.com\/ptiket.eu\/wp-content\/uploads\/2018\/07\/img_4414.jpg?fit=3264%2C2448&amp;ssl=1\" data-orig-size=\"3264,2448\" data-comments-opened=\"1\" data-image-meta=\"{&quot;aperture&quot;:&quot;0&quot;,&quot;credit&quot;:&quot;&quot;,&quot;camera&quot;:&quot;&quot;,&quot;caption&quot;:&quot;&quot;,&quot;created_timestamp&quot;:&quot;0&quot;,&quot;copyright&quot;:&quot;&quot;,&quot;focal_length&quot;:&quot;0&quot;,&quot;iso&quot;:&quot;0&quot;,&quot;shutter_speed&quot;:&quot;0&quot;,&quot;title&quot;:&quot;&quot;,&quot;orientation&quot;:&quot;0&quot;}\" data-image-title=\"img_4414\" data-image-description=\"\" data-medium-file=\"https:\/\/i1.wp.com\/ptiket.eu\/wp-content\/uploads\/2018\/07\/img_4414.jpg?fit=300%2C225&amp;ssl=1\" data-large-file=\"https:\/\/i1.wp.com\/ptiket.eu\/wp-content\/uploads\/2018\/07\/img_4414.jpg?fit=768%2C576&amp;ssl=1\" decoding=\"async\" loading=\"lazy\" class=\"alignright size-thumbnail wp-image-1459\" src=\"https:\/\/i1.wp.com\/ptiket.eu\/wp-content\/uploads\/2018\/07\/img_4414-176x176.jpg?resize=176%2C176\" alt=\"Premier pti-dej de Pti-Ket2Ride sur le continent am\u00e9ricain\" width=\"176\" height=\"176\" srcset=\"https:\/\/i1.wp.com\/ptiket.eu\/wp-content\/uploads\/2018\/07\/img_4414.jpg?resize=176%2C176&amp;ssl=1 176w, https:\/\/i1.wp.com\/ptiket.eu\/wp-content\/uploads\/2018\/07\/img_4414.jpg?zoom=2&amp;resize=176%2C176&amp;ssl=1 352w, https:\/\/i1.wp.com\/ptiket.eu\/wp-content\/uploads\/2018\/07\/img_4414.jpg?zoom=3&amp;resize=176%2C176&amp;ssl=1 528w\" sizes=\"(max-width: 176px) 100vw, 176px\" data-recalc-dims=\"1\" \/><\/a><br \/>\nIl y a un supermarch\u00e9 pas loin, quelques victuailles et on part \u00e0 la d\u00e9couverte de la ville. On restera sans doute jusqu\u2019\u00e0 lundi matin.<\/p>\n<p>Fini de se la couler douce, c\u2019est parti !<\/p>\n","protected":false},"excerpt":{"rendered":"<p>Vendredi 13 juillet 2018 16h, 36 jours de mer, 10 escales plus tard, nous voil\u00e0 \u00e0 Montevideo, Uruguay. Nous avons pu sortir rapidement du cargo mais il a fallu attendre sur le quai que le gros MAN de Carlos puisse se d\u00e9gager des camions qui le bloquaient et qui n\u2019avaient plus de batterie. La repr\u00e9sentante [&hellip;]<\/p>\n","protected":false},"author":1,"featured_media":0,"comment_status":"open","ping_status":"closed","sticky":false,"template":"","format":"standard","meta":{"spay_email":"","jetpack_publicize_message":""},"categories":[23,74],"tags":[],"jetpack_featured_media_url":"","jetpack_publicize_connections":[],"jetpack_sharing_enabled":true,"jetpack_shortlink":"https:\/\/wp.me\/p7RS3Q-nt","jetpack-related-posts":[],"_links":{"self":[{"href":"https:\/\/ptiket.eu\/index.php\/wp-json\/wp\/v2\/posts\/1455"}],"collection":[{"href":"https:\/\/ptiket.eu\/index.php\/wp-json\/wp\/v2\/posts"}],"about":[{"href":"https:\/\/ptiket.eu\/index.php\/wp-json\/wp\/v2\/types\/post"}],"author":[{"embeddable":true,"href":"https:\/\/ptiket.eu\/index.php\/wp-json\/wp\/v2\/users\/1"}],"replies":[{"embeddable":true,"href":"https:\/\/ptiket.eu\/index.php\/wp-json\/wp\/v2\/comments?post=1455"}],"version-history":[{"count":5,"href":"https:\/\/ptiket.eu\/index.php\/wp-json\/wp\/v2\/posts\/1455\/revisions"}],"predecessor-version":[{"id":6815,"href":"https:\/\/ptiket.eu\/index.php\/wp-json\/wp\/v2\/posts\/1455\/revisions\/6815"}],"wp:attachment":[{"href":"https:\/\/ptiket.eu\/index.php\/wp-json\/wp\/v2\/media?parent=1455"}],"wp:term":[{"taxonomy":"category","embeddable":true,"href":"https:\/\/ptiket.eu\/index.php\/wp-json\/wp\/v2\/categories?post=1455"},{"taxonomy":"post_tag","embeddable":true,"href":"https:\/\/ptiket.eu\/index.php\/wp-json\/wp\/v2\/tags?post=1455"}],"curies":[{"name":"wp","href":"https:\/\/api.w.org\/{rel}","templated":true}]}}