{"id":1420,"date":"2018-07-11T23:27:39","date_gmt":"2018-07-11T22:27:39","guid":{"rendered":"http:\/\/ptiket.eu\/?p=1420"},"modified":"2021-03-26T09:14:34","modified_gmt":"2021-03-26T08:14:34","slug":"de-paranagua-au-rio-de-la-plata","status":"publish","type":"post","link":"https:\/\/ptiket.eu\/index.php\/2018\/07\/11\/de-paranagua-au-rio-de-la-plata\/","title":{"rendered":"De Paranagu\u00e1 au Rio de la Plata"},"content":{"rendered":"<p style=\"text-align: left;\">Le 8 juillet, nous quittons Paranagu\u00e1 et nous longeons les c\u00f4tes br\u00e9siliennes. 2 jours de mer nous attendent avant de remonter le rio Paran\u00e1. La mer est form\u00e9e, si on avait des draps en soie, on glisserait de nos couchettes. Les mouvements du bateau nous donnent parfois l\u2019impression de l\u00e9viter \u00e0 quelques mm au-dessus de nos matelas.<\/p>\n<p>Le lendemain matin, nous nous rendons au Bridge (salle des commandes) o\u00f9 Veselin et Jessie scrutent l\u2019horizon et les \u00e9crans de contr\u00f4le. <a href=\"https:\/\/i2.wp.com\/ptiket.eu\/wp-content\/uploads\/2018\/07\/0253CFF6-2D6B-4751-8F98-A7E4DEBFA114.jpeg\"><img data-attachment-id=\"1409\" data-permalink=\"https:\/\/ptiket.eu\/index.php\/2018\/07\/11\/de-paranagua-au-rio-de-la-plata\/0253cff6-2d6b-4751-8f98-a7e4debfa114\/\" data-orig-file=\"https:\/\/i2.wp.com\/ptiket.eu\/wp-content\/uploads\/2018\/07\/0253CFF6-2D6B-4751-8F98-A7E4DEBFA114.jpeg?fit=2063%2C2104&amp;ssl=1\" data-orig-size=\"2063,2104\" data-comments-opened=\"1\" data-image-meta=\"{&quot;aperture&quot;:&quot;0&quot;,&quot;credit&quot;:&quot;&quot;,&quot;camera&quot;:&quot;&quot;,&quot;caption&quot;:&quot;&quot;,&quot;created_timestamp&quot;:&quot;0&quot;,&quot;copyright&quot;:&quot;&quot;,&quot;focal_length&quot;:&quot;0&quot;,&quot;iso&quot;:&quot;0&quot;,&quot;shutter_speed&quot;:&quot;0&quot;,&quot;title&quot;:&quot;&quot;,&quot;orientation&quot;:&quot;0&quot;}\" data-image-title=\"0253CFF6-2D6B-4751-8F98-A7E4DEBFA114\" data-image-description=\"\" data-medium-file=\"https:\/\/i2.wp.com\/ptiket.eu\/wp-content\/uploads\/2018\/07\/0253CFF6-2D6B-4751-8F98-A7E4DEBFA114.jpeg?fit=294%2C300&amp;ssl=1\" data-large-file=\"https:\/\/i2.wp.com\/ptiket.eu\/wp-content\/uploads\/2018\/07\/0253CFF6-2D6B-4751-8F98-A7E4DEBFA114.jpeg?fit=768%2C783&amp;ssl=1\" decoding=\"async\" loading=\"lazy\" class=\"alignright size-thumbnail wp-image-1409\" src=\"https:\/\/i0.wp.com\/ptiket.eu\/wp-content\/uploads\/2018\/07\/0253CFF6-2D6B-4751-8F98-A7E4DEBFA114-176x176.jpeg?resize=176%2C176\" alt=\"\" width=\"176\" height=\"176\" srcset=\"https:\/\/i2.wp.com\/ptiket.eu\/wp-content\/uploads\/2018\/07\/0253CFF6-2D6B-4751-8F98-A7E4DEBFA114.jpeg?resize=176%2C176&amp;ssl=1 176w, https:\/\/i2.wp.com\/ptiket.eu\/wp-content\/uploads\/2018\/07\/0253CFF6-2D6B-4751-8F98-A7E4DEBFA114.jpeg?zoom=2&amp;resize=176%2C176&amp;ssl=1 352w, https:\/\/i2.wp.com\/ptiket.eu\/wp-content\/uploads\/2018\/07\/0253CFF6-2D6B-4751-8F98-A7E4DEBFA114.jpeg?zoom=3&amp;resize=176%2C176&amp;ssl=1 528w\" sizes=\"(max-width: 176px) 100vw, 176px\" data-recalc-dims=\"1\" \/><\/a>Nous avons droit \u00e0 une visite d\u00e9taill\u00e9e des instruments de navigation, mat\u00e9riel sensiblement identique \u00e0 celui dont nous \u00e9tions \u00e9quip\u00e9s pour notre premi\u00e8re travers\u00e9e de l\u2019Atlantique.<\/p>\n<p><a href=\"https:\/\/i0.wp.com\/ptiket.eu\/wp-content\/uploads\/2018\/07\/17EBDF60-0FB6-4C15-B28D-BCE8F06F57EF.jpeg\"><img data-attachment-id=\"1411\" data-permalink=\"https:\/\/ptiket.eu\/index.php\/2018\/07\/11\/de-paranagua-au-rio-de-la-plata\/17ebdf60-0fb6-4c15-b28d-bce8f06f57ef\/\" data-orig-file=\"https:\/\/i0.wp.com\/ptiket.eu\/wp-content\/uploads\/2018\/07\/17EBDF60-0FB6-4C15-B28D-BCE8F06F57EF.jpeg?fit=3264%2C2448&amp;ssl=1\" data-orig-size=\"3264,2448\" data-comments-opened=\"1\" data-image-meta=\"{&quot;aperture&quot;:&quot;0&quot;,&quot;credit&quot;:&quot;&quot;,&quot;camera&quot;:&quot;&quot;,&quot;caption&quot;:&quot;&quot;,&quot;created_timestamp&quot;:&quot;0&quot;,&quot;copyright&quot;:&quot;&quot;,&quot;focal_length&quot;:&quot;0&quot;,&quot;iso&quot;:&quot;0&quot;,&quot;shutter_speed&quot;:&quot;0&quot;,&quot;title&quot;:&quot;&quot;,&quot;orientation&quot;:&quot;0&quot;}\" data-image-title=\"17EBDF60-0FB6-4C15-B28D-BCE8F06F57EF\" data-image-description=\"\" data-medium-file=\"https:\/\/i0.wp.com\/ptiket.eu\/wp-content\/uploads\/2018\/07\/17EBDF60-0FB6-4C15-B28D-BCE8F06F57EF.jpeg?fit=300%2C225&amp;ssl=1\" data-large-file=\"https:\/\/i0.wp.com\/ptiket.eu\/wp-content\/uploads\/2018\/07\/17EBDF60-0FB6-4C15-B28D-BCE8F06F57EF.jpeg?fit=768%2C576&amp;ssl=1\" decoding=\"async\" loading=\"lazy\" class=\"alignnone size-thumbnail wp-image-1411\" src=\"https:\/\/i0.wp.com\/ptiket.eu\/wp-content\/uploads\/2018\/07\/17EBDF60-0FB6-4C15-B28D-BCE8F06F57EF-176x176.jpeg?resize=176%2C176\" alt=\"\" width=\"176\" height=\"176\" srcset=\"https:\/\/i0.wp.com\/ptiket.eu\/wp-content\/uploads\/2018\/07\/17EBDF60-0FB6-4C15-B28D-BCE8F06F57EF.jpeg?resize=176%2C176&amp;ssl=1 176w, https:\/\/i0.wp.com\/ptiket.eu\/wp-content\/uploads\/2018\/07\/17EBDF60-0FB6-4C15-B28D-BCE8F06F57EF.jpeg?zoom=2&amp;resize=176%2C176&amp;ssl=1 352w, https:\/\/i0.wp.com\/ptiket.eu\/wp-content\/uploads\/2018\/07\/17EBDF60-0FB6-4C15-B28D-BCE8F06F57EF.jpeg?zoom=3&amp;resize=176%2C176&amp;ssl=1 528w\" sizes=\"(max-width: 176px) 100vw, 176px\" data-recalc-dims=\"1\" \/>\u00a0<\/a>\u00a0<a href=\"https:\/\/i0.wp.com\/ptiket.eu\/wp-content\/uploads\/2018\/07\/16D541C4-8262-4CA8-9A6C-4C31386A3961.jpeg\"><img data-attachment-id=\"1410\" data-permalink=\"https:\/\/ptiket.eu\/index.php\/2018\/07\/11\/de-paranagua-au-rio-de-la-plata\/16d541c4-8262-4ca8-9a6c-4c31386a3961\/\" data-orig-file=\"https:\/\/i0.wp.com\/ptiket.eu\/wp-content\/uploads\/2018\/07\/16D541C4-8262-4CA8-9A6C-4C31386A3961.jpeg?fit=3264%2C2448&amp;ssl=1\" data-orig-size=\"3264,2448\" data-comments-opened=\"1\" data-image-meta=\"{&quot;aperture&quot;:&quot;0&quot;,&quot;credit&quot;:&quot;&quot;,&quot;camera&quot;:&quot;&quot;,&quot;caption&quot;:&quot;&quot;,&quot;created_timestamp&quot;:&quot;0&quot;,&quot;copyright&quot;:&quot;&quot;,&quot;focal_length&quot;:&quot;0&quot;,&quot;iso&quot;:&quot;0&quot;,&quot;shutter_speed&quot;:&quot;0&quot;,&quot;title&quot;:&quot;&quot;,&quot;orientation&quot;:&quot;0&quot;}\" data-image-title=\"16D541C4-8262-4CA8-9A6C-4C31386A3961\" data-image-description=\"\" data-medium-file=\"https:\/\/i0.wp.com\/ptiket.eu\/wp-content\/uploads\/2018\/07\/16D541C4-8262-4CA8-9A6C-4C31386A3961.jpeg?fit=300%2C225&amp;ssl=1\" data-large-file=\"https:\/\/i0.wp.com\/ptiket.eu\/wp-content\/uploads\/2018\/07\/16D541C4-8262-4CA8-9A6C-4C31386A3961.jpeg?fit=768%2C576&amp;ssl=1\" decoding=\"async\" loading=\"lazy\" class=\"alignnone size-thumbnail wp-image-1410\" src=\"https:\/\/i1.wp.com\/ptiket.eu\/wp-content\/uploads\/2018\/07\/16D541C4-8262-4CA8-9A6C-4C31386A3961-176x176.jpeg?resize=176%2C176\" alt=\"\" width=\"176\" height=\"176\" srcset=\"https:\/\/i0.wp.com\/ptiket.eu\/wp-content\/uploads\/2018\/07\/16D541C4-8262-4CA8-9A6C-4C31386A3961.jpeg?resize=176%2C176&amp;ssl=1 176w, https:\/\/i0.wp.com\/ptiket.eu\/wp-content\/uploads\/2018\/07\/16D541C4-8262-4CA8-9A6C-4C31386A3961.jpeg?zoom=2&amp;resize=176%2C176&amp;ssl=1 352w, https:\/\/i0.wp.com\/ptiket.eu\/wp-content\/uploads\/2018\/07\/16D541C4-8262-4CA8-9A6C-4C31386A3961.jpeg?zoom=3&amp;resize=176%2C176&amp;ssl=1 528w\" sizes=\"(max-width: 176px) 100vw, 176px\" data-recalc-dims=\"1\" \/><\/a><\/p>\n<p>Veselin admet que les fichiers m\u00e9t\u00e9o ne sont pas toujours tr\u00e8s pr\u00e9cis. C\u2019est bien ce que j\u2019ai toujours dit&#8230;.<\/p>\n<p>Le vent souffle \u00e0 35 noeuds, du coup le BBQ de ce dimanche est un peu compromis mais le cochon pend d\u00e9j\u00e0 dans la cuisine, pr\u00eat \u00e0 se faire r\u00f4tir.<span class=\"Apple-converted-space\">\u00a0<\/span><\/p>\n<p>En attendant, le Capitaine nous invite dans sa cabine. \u00a0<a href=\"https:\/\/i2.wp.com\/ptiket.eu\/wp-content\/uploads\/2018\/07\/3C1F0891-B5F0-4593-BEE4-6965709A77C8.jpeg\"><img data-attachment-id=\"1412\" data-permalink=\"https:\/\/ptiket.eu\/index.php\/2018\/07\/11\/de-paranagua-au-rio-de-la-plata\/3c1f0891-b5f0-4593-bee4-6965709a77c8\/\" data-orig-file=\"https:\/\/i2.wp.com\/ptiket.eu\/wp-content\/uploads\/2018\/07\/3C1F0891-B5F0-4593-BEE4-6965709A77C8.jpeg?fit=3264%2C2448&amp;ssl=1\" data-orig-size=\"3264,2448\" data-comments-opened=\"1\" data-image-meta=\"{&quot;aperture&quot;:&quot;0&quot;,&quot;credit&quot;:&quot;&quot;,&quot;camera&quot;:&quot;&quot;,&quot;caption&quot;:&quot;&quot;,&quot;created_timestamp&quot;:&quot;0&quot;,&quot;copyright&quot;:&quot;&quot;,&quot;focal_length&quot;:&quot;0&quot;,&quot;iso&quot;:&quot;0&quot;,&quot;shutter_speed&quot;:&quot;0&quot;,&quot;title&quot;:&quot;&quot;,&quot;orientation&quot;:&quot;0&quot;}\" data-image-title=\"3C1F0891-B5F0-4593-BEE4-6965709A77C8\" data-image-description=\"\" data-medium-file=\"https:\/\/i2.wp.com\/ptiket.eu\/wp-content\/uploads\/2018\/07\/3C1F0891-B5F0-4593-BEE4-6965709A77C8.jpeg?fit=300%2C225&amp;ssl=1\" data-large-file=\"https:\/\/i2.wp.com\/ptiket.eu\/wp-content\/uploads\/2018\/07\/3C1F0891-B5F0-4593-BEE4-6965709A77C8.jpeg?fit=768%2C576&amp;ssl=1\" decoding=\"async\" loading=\"lazy\" class=\"alignright size-thumbnail wp-image-1412\" src=\"https:\/\/i0.wp.com\/ptiket.eu\/wp-content\/uploads\/2018\/07\/3C1F0891-B5F0-4593-BEE4-6965709A77C8-176x176.jpeg?resize=176%2C176\" alt=\"\" width=\"176\" height=\"176\" srcset=\"https:\/\/i2.wp.com\/ptiket.eu\/wp-content\/uploads\/2018\/07\/3C1F0891-B5F0-4593-BEE4-6965709A77C8.jpeg?resize=176%2C176&amp;ssl=1 176w, https:\/\/i2.wp.com\/ptiket.eu\/wp-content\/uploads\/2018\/07\/3C1F0891-B5F0-4593-BEE4-6965709A77C8.jpeg?zoom=2&amp;resize=176%2C176&amp;ssl=1 352w, https:\/\/i2.wp.com\/ptiket.eu\/wp-content\/uploads\/2018\/07\/3C1F0891-B5F0-4593-BEE4-6965709A77C8.jpeg?zoom=3&amp;resize=176%2C176&amp;ssl=1 528w\" sizes=\"(max-width: 176px) 100vw, 176px\" data-recalc-dims=\"1\" \/><\/a>Il nous a pr\u00e9par\u00e9 un petit ap\u00e9ro et veut absolument nous montrer comme il a progress\u00e9 dans l\u2019apprentissage du \u00ab\u00a0bagpipe\u00a0\u00bb, instrument traditionnel bulgare fait artisanalement en peau de ch\u00e8vre. Et l\u00e0 on comprend \u00e0 quel point il est attach\u00e9 \u00e0 ses racines, sa culture et son pays. Sur son grand \u00e9cran t\u00e9l\u00e9, il nous passe des vid\u00e9os de chansons typiques, sur fond de paysages bulgares. Voil\u00e0 un pays dont on ne sait pratiquement rien et qui s\u2019av\u00e8re tr\u00e8s beau, m\u00ealant montagnes et plages au bord de la Mer Noire.<span class=\"Apple-converted-space\">\u00a0<\/span><\/p>\n<p>A l\u2019heure du repas, nous nous retrouvons \u00e0 table avec les 6 officiers. Ils commencent \u00e0 discuter en bulgare, Pawel me confirme par signes qu\u2019il ne comprend rien non plus (vu qu\u2019il est Polonais). Alors, la conversation continue en \u00ab\u00a0bulglais\u00a0\u00bb, que je traduis en \u00ab\u00a0frangnol\u00a0\u00bb \u00e0 Carlos, qu\u2019il traduit en \u00ab\u00a0espatorien\u00a0\u00bb \u00e0 Magy qui, voulant participer, nous lance des mots en Queschua !!<span class=\"Apple-converted-space\">\u00a0 <\/span>Sans compter que les Bulgares ont tendance \u00e0 parler haut et dans ce brouhaha, c\u2019est un peu difficile de capter le sens profond des conversations. On y arrive mais les neurones finissent en burn-out.<span class=\"Apple-converted-space\">\u00a0<\/span><\/p>\n<p>Le Capitaine aura la gentillesse de nous dire que nous sommes les meilleurs passagers qu\u2019il ait jamais eus \u00e0 bord. Ah bon ? Ok.<\/p>\n<p>Mardi 10 juillet 2018, nous sommes sur le Rio de la Plata. <a href=\"https:\/\/i0.wp.com\/ptiket.eu\/wp-content\/uploads\/2018\/07\/572BD264-276A-4619-973B-E12E6F6C8D09.jpeg\"><img data-attachment-id=\"1413\" data-permalink=\"https:\/\/ptiket.eu\/index.php\/2018\/07\/11\/de-paranagua-au-rio-de-la-plata\/572bd264-276a-4619-973b-e12e6f6c8d09\/\" data-orig-file=\"https:\/\/i0.wp.com\/ptiket.eu\/wp-content\/uploads\/2018\/07\/572BD264-276A-4619-973B-E12E6F6C8D09.jpeg?fit=5568%2C2463&amp;ssl=1\" data-orig-size=\"5568,2463\" data-comments-opened=\"1\" data-image-meta=\"{&quot;aperture&quot;:&quot;0&quot;,&quot;credit&quot;:&quot;&quot;,&quot;camera&quot;:&quot;&quot;,&quot;caption&quot;:&quot;&quot;,&quot;created_timestamp&quot;:&quot;0&quot;,&quot;copyright&quot;:&quot;&quot;,&quot;focal_length&quot;:&quot;0&quot;,&quot;iso&quot;:&quot;0&quot;,&quot;shutter_speed&quot;:&quot;0&quot;,&quot;title&quot;:&quot;&quot;,&quot;orientation&quot;:&quot;0&quot;}\" data-image-title=\"572BD264-276A-4619-973B-E12E6F6C8D09\" data-image-description=\"\" data-medium-file=\"https:\/\/i0.wp.com\/ptiket.eu\/wp-content\/uploads\/2018\/07\/572BD264-276A-4619-973B-E12E6F6C8D09.jpeg?fit=300%2C133&amp;ssl=1\" data-large-file=\"https:\/\/i0.wp.com\/ptiket.eu\/wp-content\/uploads\/2018\/07\/572BD264-276A-4619-973B-E12E6F6C8D09.jpeg?fit=768%2C340&amp;ssl=1\" decoding=\"async\" loading=\"lazy\" class=\"alignright size-thumbnail wp-image-1413\" src=\"https:\/\/i2.wp.com\/ptiket.eu\/wp-content\/uploads\/2018\/07\/572BD264-276A-4619-973B-E12E6F6C8D09-176x176.jpeg?resize=176%2C176\" alt=\"\" width=\"176\" height=\"176\" srcset=\"https:\/\/i0.wp.com\/ptiket.eu\/wp-content\/uploads\/2018\/07\/572BD264-276A-4619-973B-E12E6F6C8D09.jpeg?resize=176%2C176&amp;ssl=1 176w, https:\/\/i0.wp.com\/ptiket.eu\/wp-content\/uploads\/2018\/07\/572BD264-276A-4619-973B-E12E6F6C8D09.jpeg?zoom=2&amp;resize=176%2C176&amp;ssl=1 352w, https:\/\/i0.wp.com\/ptiket.eu\/wp-content\/uploads\/2018\/07\/572BD264-276A-4619-973B-E12E6F6C8D09.jpeg?zoom=3&amp;resize=176%2C176&amp;ssl=1 528w\" sizes=\"(max-width: 176px) 100vw, 176px\" data-recalc-dims=\"1\" \/><\/a>Les temp\u00e9ratures ont plong\u00e9, il faut ressortir les doudounes. Buenos Aires se r\u00e9veille sous de gros nuages mena\u00e7ants. De l\u2019autre c\u00f4t\u00e9, Montevideo nous attend.<span class=\"Apple-converted-space\">\u00a0<\/span><\/p>\n<p><a href=\"https:\/\/i0.wp.com\/ptiket.eu\/wp-content\/uploads\/2018\/07\/C8ED0E05-294A-4427-A6A8-275EBF6AC4B8.jpeg\"><img data-attachment-id=\"1414\" data-permalink=\"https:\/\/ptiket.eu\/index.php\/2018\/07\/11\/de-paranagua-au-rio-de-la-plata\/c8ed0e05-294a-4427-a6a8-275ebf6ac4b8\/\" data-orig-file=\"https:\/\/i0.wp.com\/ptiket.eu\/wp-content\/uploads\/2018\/07\/C8ED0E05-294A-4427-A6A8-275EBF6AC4B8.jpeg?fit=3264%2C2448&amp;ssl=1\" data-orig-size=\"3264,2448\" data-comments-opened=\"1\" data-image-meta=\"{&quot;aperture&quot;:&quot;0&quot;,&quot;credit&quot;:&quot;&quot;,&quot;camera&quot;:&quot;&quot;,&quot;caption&quot;:&quot;&quot;,&quot;created_timestamp&quot;:&quot;0&quot;,&quot;copyright&quot;:&quot;&quot;,&quot;focal_length&quot;:&quot;0&quot;,&quot;iso&quot;:&quot;0&quot;,&quot;shutter_speed&quot;:&quot;0&quot;,&quot;title&quot;:&quot;&quot;,&quot;orientation&quot;:&quot;0&quot;}\" data-image-title=\"C8ED0E05-294A-4427-A6A8-275EBF6AC4B8\" data-image-description=\"\" data-medium-file=\"https:\/\/i0.wp.com\/ptiket.eu\/wp-content\/uploads\/2018\/07\/C8ED0E05-294A-4427-A6A8-275EBF6AC4B8.jpeg?fit=300%2C225&amp;ssl=1\" data-large-file=\"https:\/\/i0.wp.com\/ptiket.eu\/wp-content\/uploads\/2018\/07\/C8ED0E05-294A-4427-A6A8-275EBF6AC4B8.jpeg?fit=768%2C576&amp;ssl=1\" decoding=\"async\" loading=\"lazy\" class=\"alignleft size-thumbnail wp-image-1414\" src=\"https:\/\/i0.wp.com\/ptiket.eu\/wp-content\/uploads\/2018\/07\/C8ED0E05-294A-4427-A6A8-275EBF6AC4B8-176x176.jpeg?resize=176%2C176\" alt=\"\" width=\"176\" height=\"176\" srcset=\"https:\/\/i0.wp.com\/ptiket.eu\/wp-content\/uploads\/2018\/07\/C8ED0E05-294A-4427-A6A8-275EBF6AC4B8.jpeg?resize=176%2C176&amp;ssl=1 176w, https:\/\/i0.wp.com\/ptiket.eu\/wp-content\/uploads\/2018\/07\/C8ED0E05-294A-4427-A6A8-275EBF6AC4B8.jpeg?zoom=2&amp;resize=176%2C176&amp;ssl=1 352w, https:\/\/i0.wp.com\/ptiket.eu\/wp-content\/uploads\/2018\/07\/C8ED0E05-294A-4427-A6A8-275EBF6AC4B8.jpeg?zoom=3&amp;resize=176%2C176&amp;ssl=1 528w\" sizes=\"(max-width: 176px) 100vw, 176px\" data-recalc-dims=\"1\" \/><\/a><\/p>\n<p><a href=\"https:\/\/i0.wp.com\/ptiket.eu\/wp-content\/uploads\/2018\/07\/AA6FCD40-E439-4E3F-BFF5-72F04B962993.jpeg\"><img data-attachment-id=\"1415\" data-permalink=\"https:\/\/ptiket.eu\/index.php\/2018\/07\/11\/de-paranagua-au-rio-de-la-plata\/aa6fcd40-e439-4e3f-bff5-72f04b962993\/\" data-orig-file=\"https:\/\/i0.wp.com\/ptiket.eu\/wp-content\/uploads\/2018\/07\/AA6FCD40-E439-4E3F-BFF5-72F04B962993.jpeg?fit=5568%2C3712&amp;ssl=1\" data-orig-size=\"5568,3712\" data-comments-opened=\"1\" data-image-meta=\"{&quot;aperture&quot;:&quot;0&quot;,&quot;credit&quot;:&quot;&quot;,&quot;camera&quot;:&quot;&quot;,&quot;caption&quot;:&quot;&quot;,&quot;created_timestamp&quot;:&quot;0&quot;,&quot;copyright&quot;:&quot;&quot;,&quot;focal_length&quot;:&quot;0&quot;,&quot;iso&quot;:&quot;0&quot;,&quot;shutter_speed&quot;:&quot;0&quot;,&quot;title&quot;:&quot;&quot;,&quot;orientation&quot;:&quot;0&quot;}\" data-image-title=\"AA6FCD40-E439-4E3F-BFF5-72F04B962993\" data-image-description=\"\" data-medium-file=\"https:\/\/i0.wp.com\/ptiket.eu\/wp-content\/uploads\/2018\/07\/AA6FCD40-E439-4E3F-BFF5-72F04B962993.jpeg?fit=300%2C200&amp;ssl=1\" data-large-file=\"https:\/\/i0.wp.com\/ptiket.eu\/wp-content\/uploads\/2018\/07\/AA6FCD40-E439-4E3F-BFF5-72F04B962993.jpeg?fit=768%2C512&amp;ssl=1\" decoding=\"async\" loading=\"lazy\" class=\"alignnone size-thumbnail wp-image-1415\" src=\"https:\/\/i0.wp.com\/ptiket.eu\/wp-content\/uploads\/2018\/07\/AA6FCD40-E439-4E3F-BFF5-72F04B962993-176x176.jpeg?resize=176%2C176\" alt=\"\" width=\"176\" height=\"176\" srcset=\"https:\/\/i0.wp.com\/ptiket.eu\/wp-content\/uploads\/2018\/07\/AA6FCD40-E439-4E3F-BFF5-72F04B962993.jpeg?resize=176%2C176&amp;ssl=1 176w, https:\/\/i0.wp.com\/ptiket.eu\/wp-content\/uploads\/2018\/07\/AA6FCD40-E439-4E3F-BFF5-72F04B962993.jpeg?zoom=2&amp;resize=176%2C176&amp;ssl=1 352w, https:\/\/i0.wp.com\/ptiket.eu\/wp-content\/uploads\/2018\/07\/AA6FCD40-E439-4E3F-BFF5-72F04B962993.jpeg?zoom=3&amp;resize=176%2C176&amp;ssl=1 528w\" sizes=\"(max-width: 176px) 100vw, 176px\" data-recalc-dims=\"1\" \/><\/a><\/p>\n<p>Le pilote monte \u00e0 bord et on entame la longue remont\u00e9e du Rio Paran\u00e1 vers Zarate. Mais quelle id\u00e9e ils ont eue d\u2019aller installer le port au bout de ce fleuve qui devient de plus en plus \u00e9troit, le cargo n\u00e9gocie des courbes \u00e0 angle droit et doit baisser la hune pour passer tout juste sous un viaduc.<span class=\"Apple-converted-space\">\u00a0 <\/span>Enfin Zarate, terminus pour toutes les voitures&#8230; sauf les n\u00f4tres&#8230;<\/p>\n<p>Pour ceux qui tr\u00e9pignent, j\u2019ai mis un petit diaporama sur l\u2019article \u00ab Le Passage de l\u2019Equateur \u00bb.<a href=\"http:\/\/ptiket.eu\/index.php\/2018\/07\/01\/grande-brasile-le-passage-de-lequateur\/\">http:\/\/ptiket.eu\/index.php\/2018\/07\/01\/grande-brasile-le-passage-de-lequateur\/<\/a><\/p>\n","protected":false},"excerpt":{"rendered":"<p>Le 8 juillet, nous quittons Paranagu\u00e1 et nous longeons les c\u00f4tes br\u00e9siliennes. 2 jours de mer nous attendent avant de remonter le rio Paran\u00e1. La mer est form\u00e9e, si on avait des draps en soie, on glisserait de nos couchettes. Les mouvements du bateau nous donnent parfois l\u2019impression de l\u00e9viter \u00e0 quelques mm au-dessus de [&hellip;]<\/p>\n","protected":false},"author":1,"featured_media":0,"comment_status":"open","ping_status":"closed","sticky":false,"template":"","format":"standard","meta":{"spay_email":"","jetpack_publicize_message":""},"categories":[24],"tags":[],"jetpack_featured_media_url":"","jetpack_publicize_connections":[],"jetpack_sharing_enabled":true,"jetpack_shortlink":"https:\/\/wp.me\/p7RS3Q-mU","jetpack-related-posts":[],"_links":{"self":[{"href":"https:\/\/ptiket.eu\/index.php\/wp-json\/wp\/v2\/posts\/1420"}],"collection":[{"href":"https:\/\/ptiket.eu\/index.php\/wp-json\/wp\/v2\/posts"}],"about":[{"href":"https:\/\/ptiket.eu\/index.php\/wp-json\/wp\/v2\/types\/post"}],"author":[{"embeddable":true,"href":"https:\/\/ptiket.eu\/index.php\/wp-json\/wp\/v2\/users\/1"}],"replies":[{"embeddable":true,"href":"https:\/\/ptiket.eu\/index.php\/wp-json\/wp\/v2\/comments?post=1420"}],"version-history":[{"count":6,"href":"https:\/\/ptiket.eu\/index.php\/wp-json\/wp\/v2\/posts\/1420\/revisions"}],"predecessor-version":[{"id":6813,"href":"https:\/\/ptiket.eu\/index.php\/wp-json\/wp\/v2\/posts\/1420\/revisions\/6813"}],"wp:attachment":[{"href":"https:\/\/ptiket.eu\/index.php\/wp-json\/wp\/v2\/media?parent=1420"}],"wp:term":[{"taxonomy":"category","embeddable":true,"href":"https:\/\/ptiket.eu\/index.php\/wp-json\/wp\/v2\/categories?post=1420"},{"taxonomy":"post_tag","embeddable":true,"href":"https:\/\/ptiket.eu\/index.php\/wp-json\/wp\/v2\/tags?post=1420"}],"curies":[{"name":"wp","href":"https:\/\/api.w.org\/{rel}","templated":true}]}}